{"id":671412,"date":"2025-11-21T11:07:04","date_gmt":"2025-11-21T16:07:04","guid":{"rendered":"https:\/\/test.comfenalcovalle.com.co\/?post_type=noticias-empresas&#038;p=671412"},"modified":"2025-11-21T13:48:30","modified_gmt":"2025-11-21T18:48:30","slug":"33-empresas-vallecaucanas-recibiran-reconocimiento-por-su-participacion-en-el-programa-mipymes-productivas-delagente","status":"publish","type":"noticias-empresas","link":"https:\/\/test.comfenalcovalle.com.co\/en\/noticias-empresas\/33-empresas-vallecaucanas-recibiran-reconocimiento-por-su-participacion-en-el-programa-mipymes-productivas-delagente\/","title":{"rendered":"33 empresas vallecaucanas recibir\u00e1n reconocimiento por su participaci\u00f3n en el programa MiPymes Productivas Delagente"},"content":{"rendered":"<p>El pr\u00f3ximo 27 de noviembre se clausura <strong>MiPymes Productivas Delagente<\/strong>, el programa de fomento empresarial 100% subsidiado por Comfenalco Valle Delagente, que busca brindar un acompa\u00f1amiento especializado y asesor\u00eda a empresas afiliadas a la Caja de Compensaci\u00f3n Familiar.<\/p>\n\n\n\n<p>Durante el evento, las <strong>33 empresas participantes en el programa recibir\u00e1n un reconocimiento<\/strong> \u00abpor su participaci\u00f3n en el programa Mipymes productivas Delagente 2025 y su compromiso con el desarrollo de la regi\u00f3n y la innovaci\u00f3n empresarial\u00bb.<\/p>\n\n\n\n<p>En 2025 el programa impact\u00f3 a las empresas con asistencia t\u00e9cnica especializada que incluye capacitaci\u00f3n y formaci\u00f3n en temas que permitan incrementar la productividad de las organizaciones, a trav\u00e9s del mejoramiento de indicadores en diferentes dimensiones de la empresa: Productividad y operaciones, Transformaci\u00f3n digital, Talento&nbsp;humano, Gesti\u00f3n Comercial, Gesti\u00f3n de la Calidad y&nbsp;consultor\u00eda.<\/p>\n\n\n\n<p>Las empresas que participaron en el proceso durante 2025 fueron: Yilop, Neurofic,&nbsp; Servicampo del Valle, Maquitodo, Motos y Motos el Paisa, Manglar Technology, Cl\u00ednica de Otorrinolaringolog\u00eda y Cirug\u00eda Pl\u00e1stica, Byspro; Noveltex, Transportadora Huber Franco, Yumbolon, Hotel Obelisco, Fundaci\u00f3n Prevenci\u00f3n Renal, Graditi Group, Movilizamos en Salud, Servicios Internaciones Tecnolog\u00eda Inform\u00e1tica, Alimentos Panda, Construservicios Gonz\u00e1lez, Kamati, Zinko Colombia, Sky Cable, Grupo Suga, Hermanos Noguera Asociados, \u00d3ptica Alemana, Codinsa, An\u00e1lisis Ambiental, Af Refrigeraci\u00f3n, Kramay, Caproin, Incode, Outsourcing Estrat\u00e9gico de Colombia,Unda Empresarial, y &nbsp;Converpel.<\/p>\n\n\n\n<p>\u201cPor segundo a\u00f1o consecutivo realizamos este programa para beneficiar a las empresas vallecaucanas y a todos los que en ellas laboran. Hemos logrado que las organizaciones beneficiadas recibieran un diagn\u00f3stico empresarial mediante el cual se identific\u00f3 el estado actual de las empresas en todas sus variables organizacionales haciendo \u00e9nfasis en \u00e1reas de gesti\u00f3n que impactan la productividad del negocio y su desempe\u00f1o estrat\u00e9gico a trav\u00e9s del desarrollo del talento humano. Se abordaron temas relacionados con marketing y publicidad digital, comercial, calidad, talento humano, log\u00edstica y operaciones y transformaci\u00f3n digital entre otras.\u201d explic\u00f3 Clara Eugenia Orozco, gerente de Empleabilidad y Emprendimiento de Comfenalco Valle Delagente.<\/p>\n\n\n\n<p>Durante el proceso, las organizaciones participantes recibieron formaci\u00f3n en el uso de Herramientas de Productividad que mejoran la eficiencia en las operaciones diarias en peque\u00f1as y medianas empresas, junto con la entrega de herramientas digitales ajustadas al modelo de negocio de cada empresa.<\/p>\n\n\n\n<p>El evento de clausura se realizar\u00e1 el 27 de noviembre a las 8:30 a.m., en las instalaciones de Fenalco Valle.<\/p>\n\n\n\n<p><strong>Comfenalco Valle Delagente<\/strong><br><strong>Family Compensation Fund.<\/strong><\/p>","protected":false},"excerpt":{"rendered":"<p>El pr\u00f3ximo 27 de noviembre se clausura MiPymes Productivas Delagente, el programa de fomento empresarial 100% subsidiado por Comfenalco Valle Delagente, que busca brindar un acompa\u00f1amiento especializado y asesor\u00eda a empresas afiliadas a la Caja de Compensaci\u00f3n Familiar. Durante el evento, las 33 empresas participantes en el programa recibir\u00e1n un reconocimiento \u00abpor su participaci\u00f3n en [&hellip;]<\/p>","protected":false},"author":6,"featured_media":671413,"parent":0,"menu_order":0,"comment_status":"closed","ping_status":"closed","template":"","meta":{"footnotes":""},"class_list":["post-671412","noticias-empresas","type-noticias-empresas","status-publish","has-post-thumbnail","hentry"],"yoast_head":"<!-- This site is optimized with the Yoast SEO Premium plugin v25.9 (Yoast SEO v25.9) - https:\/\/yoast.com\/wordpress\/plugins\/seo\/ -->\n<title>33 empresas vallecaucanas recibir\u00e1n reconocimiento por su participaci\u00f3n en el programa MiPymes Productivas Delagente - Comfenalco Valle Delagente<\/title>\n<meta name=\"description\" content=\"El programa Mipymes productivas Delagente 2025 y su compromiso con el desarrollo de la regi\u00f3n y la innovaci\u00f3n empresarial\" \/>\n<meta name=\"robots\" content=\"index, follow, max-snippet:-1, max-image-preview:large, max-video-preview:-1\" \/>\n<link rel=\"canonical\" href=\"https:\/\/www.comfenalcovalle.com.co\/noticias-empresas\/33-empresas-vallecaucanas-recibiran-reconocimiento-por-su-participacion-en-el-programa-mipymes-productivas-delagente\/\" \/>\n<meta property=\"og:locale\" content=\"en_US\" \/>\n<meta property=\"og:type\" content=\"article\" \/>\n<meta property=\"og:title\" content=\"33 empresas vallecaucanas recibir\u00e1n reconocimiento por su participaci\u00f3n en el programa MiPymes Productivas Delagente\" \/>\n<meta property=\"og:description\" content=\"El programa Mipymes productivas Delagente 2025 y su compromiso con el desarrollo de la regi\u00f3n y la innovaci\u00f3n empresarial\" \/>\n<meta property=\"og:url\" content=\"https:\/\/www.comfenalcovalle.com.co\/noticias-empresas\/33-empresas-vallecaucanas-recibiran-reconocimiento-por-su-participacion-en-el-programa-mipymes-productivas-delagente\/\" \/>\n<meta property=\"og:site_name\" content=\"Comfenalco Valle Delagente\" \/>\n<meta property=\"article:modified_time\" content=\"2025-11-21T18:48:30+00:00\" \/>\n<meta property=\"og:image\" content=\"https:\/\/www.comfenalcovalle.com.co\/wp-content\/uploads\/2025\/11\/MIPYMES.jpeg\" \/>\n\t<meta property=\"og:image:width\" content=\"1200\" \/>\n\t<meta property=\"og:image:height\" content=\"675\" \/>\n\t<meta property=\"og:image:type\" content=\"image\/jpeg\" \/>\n<meta name=\"twitter:card\" content=\"summary_large_image\" \/>\n<meta name=\"twitter:label1\" content=\"Est. reading time\" \/>\n\t<meta name=\"twitter:data1\" content=\"2 minutes\" \/>\n<script type=\"application\/ld+json\" class=\"yoast-schema-graph\">{\"@context\":\"https:\/\/schema.org\",\"@graph\":[{\"@type\":\"WebPage\",\"@id\":\"https:\/\/www.comfenalcovalle.com.co\/noticias-empresas\/33-empresas-vallecaucanas-recibiran-reconocimiento-por-su-participacion-en-el-programa-mipymes-productivas-delagente\/\",\"url\":\"https:\/\/www.comfenalcovalle.com.co\/noticias-empresas\/33-empresas-vallecaucanas-recibiran-reconocimiento-por-su-participacion-en-el-programa-mipymes-productivas-delagente\/\",\"name\":\"33 empresas vallecaucanas recibir\u00e1n reconocimiento por su participaci\u00f3n en el programa MiPymes Productivas Delagente - Comfenalco Valle Delagente\",\"isPartOf\":{\"@id\":\"https:\/\/www.comfenalcovalle.com.co\/#website\"},\"primaryImageOfPage\":{\"@id\":\"https:\/\/www.comfenalcovalle.com.co\/noticias-empresas\/33-empresas-vallecaucanas-recibiran-reconocimiento-por-su-participacion-en-el-programa-mipymes-productivas-delagente\/#primaryimage\"},\"image\":{\"@id\":\"https:\/\/www.comfenalcovalle.com.co\/noticias-empresas\/33-empresas-vallecaucanas-recibiran-reconocimiento-por-su-participacion-en-el-programa-mipymes-productivas-delagente\/#primaryimage\"},\"thumbnailUrl\":\"https:\/\/test.comfenalcovalle.com.co\/wp-content\/uploads\/2025\/11\/MIPYMES.jpeg\",\"datePublished\":\"2025-11-21T16:07:04+00:00\",\"dateModified\":\"2025-11-21T18:48:30+00:00\",\"description\":\"El programa Mipymes productivas Delagente 2025 y su compromiso con el desarrollo de la regi\u00f3n y la innovaci\u00f3n empresarial\",\"breadcrumb\":{\"@id\":\"https:\/\/www.comfenalcovalle.com.co\/noticias-empresas\/33-empresas-vallecaucanas-recibiran-reconocimiento-por-su-participacion-en-el-programa-mipymes-productivas-delagente\/#breadcrumb\"},\"inLanguage\":\"en-US\",\"potentialAction\":[{\"@type\":\"ReadAction\",\"target\":[\"https:\/\/www.comfenalcovalle.com.co\/noticias-empresas\/33-empresas-vallecaucanas-recibiran-reconocimiento-por-su-participacion-en-el-programa-mipymes-productivas-delagente\/\"]}]},{\"@type\":\"ImageObject\",\"inLanguage\":\"en-US\",\"@id\":\"https:\/\/www.comfenalcovalle.com.co\/noticias-empresas\/33-empresas-vallecaucanas-recibiran-reconocimiento-por-su-participacion-en-el-programa-mipymes-productivas-delagente\/#primaryimage\",\"url\":\"https:\/\/test.comfenalcovalle.com.co\/wp-content\/uploads\/2025\/11\/MIPYMES.jpeg\",\"contentUrl\":\"https:\/\/test.comfenalcovalle.com.co\/wp-content\/uploads\/2025\/11\/MIPYMES.jpeg\",\"width\":1200,\"height\":675,\"caption\":\"33 empresas vallecaucanas recibir\u00e1n reconocimiento por su participaci\u00f3n en el programa MiPymes Productivas Delagente\"},{\"@type\":\"BreadcrumbList\",\"@id\":\"https:\/\/www.comfenalcovalle.com.co\/noticias-empresas\/33-empresas-vallecaucanas-recibiran-reconocimiento-por-su-participacion-en-el-programa-mipymes-productivas-delagente\/#breadcrumb\",\"itemListElement\":[{\"@type\":\"ListItem\",\"position\":1,\"name\":\"Portada\",\"item\":\"https:\/\/www.comfenalcovalle.com.co\/\"},{\"@type\":\"ListItem\",\"position\":2,\"name\":\"Noticias Empresas\",\"item\":\"https:\/\/www.comfenalcovalle.com.co\/noticias-empresas\/\"},{\"@type\":\"ListItem\",\"position\":3,\"name\":\"33 empresas vallecaucanas recibir\u00e1n reconocimiento por su participaci\u00f3n en el programa MiPymes Productivas Delagente\"}]},{\"@type\":\"WebSite\",\"@id\":\"https:\/\/www.comfenalcovalle.com.co\/#website\",\"url\":\"https:\/\/www.comfenalcovalle.com.co\/\",\"name\":\"Comfenalco Valle Delagente\",\"description\":\"Caja de compensaci\u00f3n de Comfenalco Valle Delagente.\",\"publisher\":{\"@id\":\"https:\/\/www.comfenalcovalle.com.co\/#organization\"},\"potentialAction\":[{\"@type\":\"SearchAction\",\"target\":{\"@type\":\"EntryPoint\",\"urlTemplate\":\"https:\/\/www.comfenalcovalle.com.co\/?s={search_term_string}\"},\"query-input\":{\"@type\":\"PropertyValueSpecification\",\"valueRequired\":true,\"valueName\":\"search_term_string\"}}],\"inLanguage\":\"en-US\"},{\"@type\":\"Organization\",\"@id\":\"https:\/\/www.comfenalcovalle.com.co\/#organization\",\"name\":\"Comfenalco Valle Delagente\",\"url\":\"https:\/\/www.comfenalcovalle.com.co\/\",\"logo\":{\"@type\":\"ImageObject\",\"inLanguage\":\"en-US\",\"@id\":\"https:\/\/www.comfenalcovalle.com.co\/#\/schema\/logo\/image\/\",\"url\":\"https:\/\/test.comfenalcovalle.com.co\/wp-content\/uploads\/2021\/06\/logo-comfe-cabecera-agencia-empelo-actualizado.png\",\"contentUrl\":\"https:\/\/test.comfenalcovalle.com.co\/wp-content\/uploads\/2021\/06\/logo-comfe-cabecera-agencia-empelo-actualizado.png\",\"width\":500,\"height\":184,\"caption\":\"Comfenalco Valle Delagente\"},\"image\":{\"@id\":\"https:\/\/www.comfenalcovalle.com.co\/#\/schema\/logo\/image\/\"}}]}<\/script>\n<!-- \/ Yoast SEO Premium plugin. -->","yoast_head_json":{"title":"33 empresas vallecaucanas recibir\u00e1n reconocimiento por su participaci\u00f3n en el programa MiPymes Productivas Delagente - Comfenalco Valle Delagente","description":"El programa Mipymes productivas Delagente 2025 y su compromiso con el desarrollo de la regi\u00f3n y la innovaci\u00f3n empresarial","robots":{"index":"index","follow":"follow","max-snippet":"max-snippet:-1","max-image-preview":"max-image-preview:large","max-video-preview":"max-video-preview:-1"},"canonical":"https:\/\/www.comfenalcovalle.com.co\/noticias-empresas\/33-empresas-vallecaucanas-recibiran-reconocimiento-por-su-participacion-en-el-programa-mipymes-productivas-delagente\/","og_locale":"en_US","og_type":"article","og_title":"33 empresas vallecaucanas recibir\u00e1n reconocimiento por su participaci\u00f3n en el programa MiPymes Productivas Delagente","og_description":"El programa Mipymes productivas Delagente 2025 y su compromiso con el desarrollo de la regi\u00f3n y la innovaci\u00f3n empresarial","og_url":"https:\/\/www.comfenalcovalle.com.co\/noticias-empresas\/33-empresas-vallecaucanas-recibiran-reconocimiento-por-su-participacion-en-el-programa-mipymes-productivas-delagente\/","og_site_name":"Comfenalco Valle Delagente","article_modified_time":"2025-11-21T18:48:30+00:00","og_image":[{"width":1200,"height":675,"url":"https:\/\/www.comfenalcovalle.com.co\/wp-content\/uploads\/2025\/11\/MIPYMES.jpeg","type":"image\/jpeg"}],"twitter_card":"summary_large_image","twitter_misc":{"Est. reading time":"2 minutes"},"schema":{"@context":"https:\/\/schema.org","@graph":[{"@type":"WebPage","@id":"https:\/\/www.comfenalcovalle.com.co\/noticias-empresas\/33-empresas-vallecaucanas-recibiran-reconocimiento-por-su-participacion-en-el-programa-mipymes-productivas-delagente\/","url":"https:\/\/www.comfenalcovalle.com.co\/noticias-empresas\/33-empresas-vallecaucanas-recibiran-reconocimiento-por-su-participacion-en-el-programa-mipymes-productivas-delagente\/","name":"33 empresas vallecaucanas recibir\u00e1n reconocimiento por su participaci\u00f3n en el programa MiPymes Productivas Delagente - Comfenalco Valle Delagente","isPartOf":{"@id":"https:\/\/www.comfenalcovalle.com.co\/#website"},"primaryImageOfPage":{"@id":"https:\/\/www.comfenalcovalle.com.co\/noticias-empresas\/33-empresas-vallecaucanas-recibiran-reconocimiento-por-su-participacion-en-el-programa-mipymes-productivas-delagente\/#primaryimage"},"image":{"@id":"https:\/\/www.comfenalcovalle.com.co\/noticias-empresas\/33-empresas-vallecaucanas-recibiran-reconocimiento-por-su-participacion-en-el-programa-mipymes-productivas-delagente\/#primaryimage"},"thumbnailUrl":"https:\/\/test.comfenalcovalle.com.co\/wp-content\/uploads\/2025\/11\/MIPYMES.jpeg","datePublished":"2025-11-21T16:07:04+00:00","dateModified":"2025-11-21T18:48:30+00:00","description":"El programa Mipymes productivas Delagente 2025 y su compromiso con el desarrollo de la regi\u00f3n y la innovaci\u00f3n empresarial","breadcrumb":{"@id":"https:\/\/www.comfenalcovalle.com.co\/noticias-empresas\/33-empresas-vallecaucanas-recibiran-reconocimiento-por-su-participacion-en-el-programa-mipymes-productivas-delagente\/#breadcrumb"},"inLanguage":"en-US","potentialAction":[{"@type":"ReadAction","target":["https:\/\/www.comfenalcovalle.com.co\/noticias-empresas\/33-empresas-vallecaucanas-recibiran-reconocimiento-por-su-participacion-en-el-programa-mipymes-productivas-delagente\/"]}]},{"@type":"ImageObject","inLanguage":"en-US","@id":"https:\/\/www.comfenalcovalle.com.co\/noticias-empresas\/33-empresas-vallecaucanas-recibiran-reconocimiento-por-su-participacion-en-el-programa-mipymes-productivas-delagente\/#primaryimage","url":"https:\/\/test.comfenalcovalle.com.co\/wp-content\/uploads\/2025\/11\/MIPYMES.jpeg","contentUrl":"https:\/\/test.comfenalcovalle.com.co\/wp-content\/uploads\/2025\/11\/MIPYMES.jpeg","width":1200,"height":675,"caption":"33 empresas vallecaucanas recibir\u00e1n reconocimiento por su participaci\u00f3n en el programa MiPymes Productivas Delagente"},{"@type":"BreadcrumbList","@id":"https:\/\/www.comfenalcovalle.com.co\/noticias-empresas\/33-empresas-vallecaucanas-recibiran-reconocimiento-por-su-participacion-en-el-programa-mipymes-productivas-delagente\/#breadcrumb","itemListElement":[{"@type":"ListItem","position":1,"name":"Portada","item":"https:\/\/www.comfenalcovalle.com.co\/"},{"@type":"ListItem","position":2,"name":"Noticias Empresas","item":"https:\/\/www.comfenalcovalle.com.co\/noticias-empresas\/"},{"@type":"ListItem","position":3,"name":"33 empresas vallecaucanas recibir\u00e1n reconocimiento por su participaci\u00f3n en el programa MiPymes Productivas Delagente"}]},{"@type":"WebSite","@id":"https:\/\/www.comfenalcovalle.com.co\/#website","url":"https:\/\/www.comfenalcovalle.com.co\/","name":"Comfenalco Valle Delagente","description":"Comfenalco Valle Delagente compensation fund.","publisher":{"@id":"https:\/\/www.comfenalcovalle.com.co\/#organization"},"potentialAction":[{"@type":"SearchAction","target":{"@type":"EntryPoint","urlTemplate":"https:\/\/www.comfenalcovalle.com.co\/?s={search_term_string}"},"query-input":{"@type":"PropertyValueSpecification","valueRequired":true,"valueName":"search_term_string"}}],"inLanguage":"en-US"},{"@type":"Organization","@id":"https:\/\/www.comfenalcovalle.com.co\/#organization","name":"Comfenalco Valle Delagente","url":"https:\/\/www.comfenalcovalle.com.co\/","logo":{"@type":"ImageObject","inLanguage":"en-US","@id":"https:\/\/www.comfenalcovalle.com.co\/#\/schema\/logo\/image\/","url":"https:\/\/test.comfenalcovalle.com.co\/wp-content\/uploads\/2021\/06\/logo-comfe-cabecera-agencia-empelo-actualizado.png","contentUrl":"https:\/\/test.comfenalcovalle.com.co\/wp-content\/uploads\/2021\/06\/logo-comfe-cabecera-agencia-empelo-actualizado.png","width":500,"height":184,"caption":"Comfenalco Valle Delagente"},"image":{"@id":"https:\/\/www.comfenalcovalle.com.co\/#\/schema\/logo\/image\/"}}]}},"publishpress_future_action":{"enabled":false,"date":"2026-05-10 10:11:08","action":"change-status","newStatus":"draft","terms":[],"taxonomy":"","extraData":[]},"publishpress_future_workflow_manual_trigger":{"enabledWorkflows":[]},"_links":{"self":[{"href":"https:\/\/test.comfenalcovalle.com.co\/en\/wp-json\/wp\/v2\/noticias-empresas\/671412","targetHints":{"allow":["GET"]}}],"collection":[{"href":"https:\/\/test.comfenalcovalle.com.co\/en\/wp-json\/wp\/v2\/noticias-empresas"}],"about":[{"href":"https:\/\/test.comfenalcovalle.com.co\/en\/wp-json\/wp\/v2\/types\/noticias-empresas"}],"author":[{"embeddable":true,"href":"https:\/\/test.comfenalcovalle.com.co\/en\/wp-json\/wp\/v2\/users\/6"}],"replies":[{"embeddable":true,"href":"https:\/\/test.comfenalcovalle.com.co\/en\/wp-json\/wp\/v2\/comments?post=671412"}],"version-history":[{"count":0,"href":"https:\/\/test.comfenalcovalle.com.co\/en\/wp-json\/wp\/v2\/noticias-empresas\/671412\/revisions"}],"wp:featuredmedia":[{"embeddable":true,"href":"https:\/\/test.comfenalcovalle.com.co\/en\/wp-json\/wp\/v2\/media\/671413"}],"wp:attachment":[{"href":"https:\/\/test.comfenalcovalle.com.co\/en\/wp-json\/wp\/v2\/media?parent=671412"}],"curies":[{"name":"wp","href":"https:\/\/api.w.org\/{rel}","templated":true}]}}