{"id":660200,"date":"2025-05-26T15:40:16","date_gmt":"2025-05-26T20:40:16","guid":{"rendered":"https:\/\/test.comfenalcovalle.com.co\/?post_type=noticias-empresas&#038;p=660200"},"modified":"2025-05-27T08:30:14","modified_gmt":"2025-05-27T13:30:14","slug":"empresas-calenas-reconocidas-por-generar-empleo-en-2024","status":"publish","type":"noticias-empresas","link":"https:\/\/test.comfenalcovalle.com.co\/en\/noticias-empresas\/empresas-calenas-reconocidas-por-generar-empleo-en-2024\/","title":{"rendered":"Empresas cale\u00f1as reconocidas por generar empleo en 2024"},"content":{"rendered":"<div data-elementor-type=\"wp-post\" data-elementor-id=\"660200\" class=\"elementor elementor-660200\" data-elementor-post-type=\"noticias-empresas\">\n\t\t\t\t<div class=\"elementor-element elementor-element-282e813 e-flex e-con-boxed e-con e-parent\" data-id=\"282e813\" data-element_type=\"container\">\n\t\t\t\t\t<div class=\"e-con-inner\">\n\t\t\t\t<div class=\"elementor-element elementor-element-0180578 elementor-widget elementor-widget-text-editor\" data-id=\"0180578\" data-element_type=\"widget\" data-widget_type=\"text-editor.default\">\n\t\t\t\t<div class=\"elementor-widget-container\">\n\t\t\t\t\t\t\t\t\t<p><strong>44 organizaciones cale\u00f1as fueron reconocidas por impulsar el empleo y el desarrollo econ\u00f3mico en el Valle del Cauca<\/strong><br \/><br \/>En una ceremonia cargada de inspiraci\u00f3n y compromiso social,\u00a0<strong>44 organizaciones de Cali<\/strong>\u00a0fueron reconocidas con el galard\u00f3n\u00a0<strong>\u201cLa Fuerza que Impulsa en el Empleo en Cali 2025\u201d<\/strong>. Este homenaje fue otorgado por\u00a0<strong>Comfenalco Valle Delagente<\/strong>, como parte de su apuesta por el fortalecimiento de la\u00a0<strong>empleabilidad en el Valle del Cauca<\/strong>.<br \/><br \/>El evento se llev\u00f3 a cabo el pasado jueves 22 de mayo en el Hotel Dann Carlton, y reuni\u00f3 a representantes de empresas del sector p\u00fablico y privado que, durante 2024, contribuyeron significativamente a la\u00a0<strong>generaci\u00f3n de empleo formal<\/strong>\u00a0y al\u00a0<strong>crecimiento econ\u00f3mico regional<\/strong>\u00a0a trav\u00e9s de su articulaci\u00f3n con la\u00a0<strong>Agencia de Empleo Delagente<\/strong>.<\/p>\n<h2 class=\"wp-block-heading has-medium-font-size\"><strong>Comfenalco Valle Delagente: una aliada del progreso laboral<\/strong><\/h2>\n<p>\u201cEste es un reconocimiento a las empresas que trabajaron articuladamente con nuestra Agencia de Empleo durante el 2024, ayudando a mejorar la econom\u00eda de miles de hogares vallecaucanos\u201d, expres\u00f3\u00a0<strong>Clara Eugenia Orozco Zapata<\/strong>, gerente de Empleabilidad y Emprendimiento de Comfenalco Valle Delagente.<br \/><br \/>Durante la jornada tambi\u00e9n se present\u00f3 el programa\u00a0<strong>Capacidades Delagente<\/strong>, una iniciativa orientada a promover la\u00a0<strong>inclusi\u00f3n laboral de poblaciones diversas<\/strong>\u00a0como personas con discapacidad, mujeres, j\u00f3venes y comunidades vulnerables. Adem\u00e1s, el reconocido conferencista\u00a0<strong>Nelson Cardona<\/strong>\u00a0motiv\u00f3 a los asistentes con su charla\u00a0<strong>\u201cSue\u00f1o de uno, sue\u00f1o de todos: las monta\u00f1as del ser\u201d<\/strong>.<\/p>\n<h2 id=\"h-resultados-que-transforman-vidas\" class=\"wp-block-heading has-medium-font-size\"><strong>Resultados que transforman vidas<\/strong><\/h2>\n<p>La Agencia de Empleo Delagente report\u00f3 cifras destacadas durante 2024: m\u00e1s de\u00a0<strong>22.000 vacantes registradas<\/strong>\u00a0por empresas y\u00a0<strong>14.600 personas ubicadas laboralmente<\/strong>. Estos resultados son fruto del trabajo conjunto con las organizaciones galardonadas, las cuales han confiado en la Caja de Compensaci\u00f3n para fortalecer sus procesos de talento humano.<br \/><br \/>\u201cEl programa\u00a0<strong>Capacidades Delagente<\/strong>\u00a0permite que muchas compa\u00f1\u00edas puedan contratar talento diverso y acceder a\u00a0<strong>beneficios tributarios<\/strong>, generando oportunidades para quienes m\u00e1s lo necesitan\u201d, indic\u00f3 Orozco Zapata.<br \/><br \/>For his part,\u00a0<strong>Fredys Simanca<\/strong>, director del Servicio P\u00fablico de Empleo, destac\u00f3 que esta estrategia \u201celimina sesgos y barreras, enfoc\u00e1ndose en las capacidades de cada persona, sin importar su orientaci\u00f3n sexual, religi\u00f3n o color de piel\u201d.<\/p>\n<h2 class=\"wp-block-heading has-medium-font-size\"><strong>Voces del sector empresarial y aliados institucionales<\/strong><\/h2>\n<p>Entre las organizaciones que compartieron su experiencia con el programa, se encuentra\u00a0<strong>Asstracud<\/strong>. Su directora administrativa,\u00a0<strong>Diana Contreras<\/strong>, afirm\u00f3 que han podido integrar personas con discapacidad en \u00e1reas clave como contabilidad, n\u00f3mina y gesti\u00f3n documental, logrando excelentes resultados.<br \/><br \/>El compromiso con la inclusi\u00f3n tambi\u00e9n ha sido respaldado por aliados estrat\u00e9gicos como la\u00a0<strong>Polic\u00eda Metropolitana de Cali<\/strong>, la\u00a0<strong>Tercera Brigada del Ej\u00e9rcito Nacional<\/strong>, la\u00a0<strong>Secretar\u00eda de Desarrollo Econ\u00f3mico de Cali<\/strong>, la\u00a0<strong>Gobernaci\u00f3n del Valle del Cauca<\/strong>, y organizaciones sociales como\u00a0<strong>Cali Diversa<\/strong>,\u00a0<strong>Fundaci\u00f3n Ficel<\/strong>, y la\u00a0<strong>Fundaci\u00f3n Colombia Incluyente<\/strong>.<br \/><br \/>\u201cEl objetivo es que nuestros soldados, al finalizar su servicio militar, puedan acceder a oportunidades laborales reales\u201d, expres\u00f3 el Teniente Coronel\u00a0<strong>Eli\u00e9cer Su\u00e1rez<\/strong>, de la Tercera Brigada del Ej\u00e9rcito. Igualmente, el Teniente Coronel\u00a0<strong>Camilo Andr\u00e9s Herrera<\/strong>, de la Polic\u00eda Metropolitana, destac\u00f3 la importancia de los procesos de formaci\u00f3n para garantizar la\u00a0<strong>inserci\u00f3n laboral de j\u00f3venes exuniformados<\/strong>.<\/p>\n<h2 class=\"wp-block-heading has-medium-font-size\"><strong>Empresas comprometidas con la transformaci\u00f3n del Valle del Cauca<\/strong><\/h2>\n<p>Al evento asistieron representantes de empresas como:<br \/>Proservis Temporales SAS, Listos SAS, Fortox Security Group, Health Prime Colombia S.A.S., Seguridad Omega, Seguridad Atlas, Seguridad G.E.S.P Oszford Ltda.,Seguridad Sercoseg, Seguridad Royal de Colombia Ltda., Seguridad N\u00e1poles, Seguridad Honor Servicios de Seguridad, Brillaseo S.A.S., Brillantex Multiservicios S.A.S, Multiempleos, Brilladora El Diamante, Incopac S.A., Summar Temporales, Temporales Especializados SA, Temporal SAS \u2013 Staffing de Colombia, S&amp;A Servicios y Asesor\u00edas S.A.S. BIC, Ocupar Temporales, MAKRO Supermayoristas, Arcos Dorados S.A. (Mc Donalds), Inversiones INT Colombia (KFC), Complementos Humanos, Jiro S.A.S, Adecco Colombia S.A., JOB ANT TALENT S.A.S, Eficacia, Fundeval-Asstracud- Provisora Est S.A.S., Manpower Group, Supermercado la Gran Colombia, Medicina y Terapias Domiciliarias S.A.S.,Tecnoplast S.A.S., Polic\u00eda Metropolitana Santiago de Cali, Tercera Brigada del Ej\u00e9rcito Nacional de Colombia, Secretar\u00eda de Desarrollo Econ\u00f3mico de Santiago de Cali, Secretar\u00eda de Desarrollo Econ\u00f3mico, Competitividad y Fomento del Empleo, Gobernaci\u00f3n del Valle Del Cauca.<\/p>\n<p>Gracias a su labor y compromiso,\u00a0<strong>Comfenalco Valle Delagente<\/strong>\u00a0reafirma su rol como la\u00a0<strong>Caja de Compensaci\u00f3n Familiar de la Empleabilidad<\/strong>, fortaleciendo alianzas p\u00fablico-privadas que generan valor econ\u00f3mico, inclusi\u00f3n y bienestar para miles de familias vallecaucanas.<\/p>\t\t\t\t\t\t\t\t<\/div>\n\t\t\t\t<\/div>\n\t\t\t\t<div class=\"elementor-element elementor-element-5b4d260 elementor-arrows-position-inside elementor-pagination-position-outside elementor-widget elementor-widget-image-carousel\" data-id=\"5b4d260\" data-element_type=\"widget\" data-settings=\"{&quot;slides_to_show&quot;:&quot;4&quot;,&quot;slides_to_show_tablet&quot;:&quot;3&quot;,&quot;slides_to_show_mobile&quot;:&quot;1&quot;,&quot;slides_to_scroll&quot;:&quot;1&quot;,&quot;image_spacing_custom&quot;:{&quot;unit&quot;:&quot;px&quot;,&quot;size&quot;:5,&quot;sizes&quot;:[]},&quot;navigation&quot;:&quot;both&quot;,&quot;autoplay&quot;:&quot;yes&quot;,&quot;pause_on_hover&quot;:&quot;yes&quot;,&quot;pause_on_interaction&quot;:&quot;yes&quot;,&quot;autoplay_speed&quot;:5000,&quot;infinite&quot;:&quot;yes&quot;,&quot;speed&quot;:500,&quot;image_spacing_custom_tablet&quot;:{&quot;unit&quot;:&quot;px&quot;,&quot;size&quot;:&quot;&quot;,&quot;sizes&quot;:[]}}\" data-widget_type=\"image-carousel.default\">\n\t\t\t\t<div class=\"elementor-widget-container\">\n\t\t\t\t\t\t\t<div class=\"elementor-image-carousel-wrapper swiper\" role=\"region\" aria-roledescription=\"carousel\" aria-label=\"Image Carousel\" dir=\"ltr\">\n\t\t\t<div class=\"elementor-image-carousel swiper-wrapper\" aria-live=\"off\">\n\t\t\t\t\t\t\t\t<div class=\"swiper-slide\" role=\"group\" aria-roledescription=\"slide\" aria-label=\"1 of 19\"><a data-elementor-open-lightbox=\"yes\" data-elementor-lightbox-slideshow=\"5b4d260\" data-elementor-lightbox-title=\"reconocimiento-empresas-empleo-mayo-2025-09\" data-e-action-hash=\"#elementor-action%3Aaction%3Dlightbox%26settings%3DeyJpZCI6NjYwMjE4LCJ1cmwiOiJodHRwczpcL1wvdGVzdC5jb21mZW5hbGNvdmFsbGUuY29tLmNvXC93cC1jb250ZW50XC91cGxvYWRzXC8yMDI1XC8wNVwvcmVjb25vY2ltaWVudG8tZW1wcmVzYXMtZW1wbGVvLW1heW8tMjAyNS0wOS5qcGciLCJzbGlkZXNob3ciOiI1YjRkMjYwIn0%3D\" href=\"https:\/\/test.comfenalcovalle.com.co\/wp-content\/uploads\/2025\/05\/reconocimiento-empresas-empleo-mayo-2025-09.jpg\"><figure class=\"swiper-slide-inner\"><img decoding=\"async\" class=\"swiper-slide-image lazyload\" data-src=\"https:\/\/test.comfenalcovalle.com.co\/wp-content\/uploads\/elementor\/thumbs\/reconocimiento-empresas-empleo-mayo-2025-09-rmcnjgfwiqzuz9py07dcoqpvqri9ggj6tnjzpudk08.jpg\" alt=\"reconocimiento-empresas-empleo-mayo-2025-09\" src=\"data:image\/svg+xml;base64,PHN2ZyB3aWR0aD0iMSIgaGVpZ2h0PSIxIiB4bWxucz0iaHR0cDovL3d3dy53My5vcmcvMjAwMC9zdmciPjwvc3ZnPg==\" \/><\/figure><\/a><\/div><div class=\"swiper-slide\" role=\"group\" aria-roledescription=\"slide\" aria-label=\"2 of 19\"><a data-elementor-open-lightbox=\"yes\" data-elementor-lightbox-slideshow=\"5b4d260\" data-elementor-lightbox-title=\"reconocimiento-empresas-empleo-mayo-2025-17\" data-e-action-hash=\"#elementor-action%3Aaction%3Dlightbox%26settings%3DeyJpZCI6NjYwMjExLCJ1cmwiOiJodHRwczpcL1wvdGVzdC5jb21mZW5hbGNvdmFsbGUuY29tLmNvXC93cC1jb250ZW50XC91cGxvYWRzXC8yMDI1XC8wNVwvcmVjb25vY2ltaWVudG8tZW1wcmVzYXMtZW1wbGVvLW1heW8tMjAyNS0xNy5qcGciLCJzbGlkZXNob3ciOiI1YjRkMjYwIn0%3D\" href=\"https:\/\/test.comfenalcovalle.com.co\/wp-content\/uploads\/2025\/05\/reconocimiento-empresas-empleo-mayo-2025-17.jpg\"><figure class=\"swiper-slide-inner\"><img decoding=\"async\" class=\"swiper-slide-image lazyload\" data-src=\"https:\/\/test.comfenalcovalle.com.co\/wp-content\/uploads\/elementor\/thumbs\/reconocimiento-empresas-empleo-mayo-2025-17-rmcnjfi2bwyknnrb5oyq48yf5dmw8rfghiwi8key6g.jpg\" alt=\"reconocimiento-empresas-empleo-mayo-2025-17\" src=\"data:image\/svg+xml;base64,PHN2ZyB3aWR0aD0iMSIgaGVpZ2h0PSIxIiB4bWxucz0iaHR0cDovL3d3dy53My5vcmcvMjAwMC9zdmciPjwvc3ZnPg==\" \/><\/figure><\/a><\/div><div class=\"swiper-slide\" role=\"group\" aria-roledescription=\"slide\" aria-label=\"3 of 19\"><a data-elementor-open-lightbox=\"yes\" data-elementor-lightbox-slideshow=\"5b4d260\" data-elementor-lightbox-title=\"reconocimiento-empresas-empleo-mayo-2025-10\" data-e-action-hash=\"#elementor-action%3Aaction%3Dlightbox%26settings%3DeyJpZCI6NjYwMjA0LCJ1cmwiOiJodHRwczpcL1wvdGVzdC5jb21mZW5hbGNvdmFsbGUuY29tLmNvXC93cC1jb250ZW50XC91cGxvYWRzXC8yMDI1XC8wNVwvcmVjb25vY2ltaWVudG8tZW1wcmVzYXMtZW1wbGVvLW1heW8tMjAyNS0xMC5qcGciLCJzbGlkZXNob3ciOiI1YjRkMjYwIn0%3D\" href=\"https:\/\/test.comfenalcovalle.com.co\/wp-content\/uploads\/2025\/05\/reconocimiento-empresas-empleo-mayo-2025-10.jpg\"><figure class=\"swiper-slide-inner\"><img decoding=\"async\" class=\"swiper-slide-image lazyload\" data-src=\"https:\/\/test.comfenalcovalle.com.co\/wp-content\/uploads\/elementor\/thumbs\/reconocimiento-empresas-empleo-mayo-2025-10-rmcnjfi2bwyknnrb5oyq48yf5dmw8rfghiwi8key6g.jpg\" alt=\"reconocimiento-empresas-empleo-mayo-2025-10\" src=\"data:image\/svg+xml;base64,PHN2ZyB3aWR0aD0iMSIgaGVpZ2h0PSIxIiB4bWxucz0iaHR0cDovL3d3dy53My5vcmcvMjAwMC9zdmciPjwvc3ZnPg==\" \/><\/figure><\/a><\/div><div class=\"swiper-slide\" role=\"group\" aria-roledescription=\"slide\" aria-label=\"4 of 19\"><a data-elementor-open-lightbox=\"yes\" data-elementor-lightbox-slideshow=\"5b4d260\" data-elementor-lightbox-title=\"reconocimiento-empresas-empleo-mayo-2025-03\" data-e-action-hash=\"#elementor-action%3Aaction%3Dlightbox%26settings%3DeyJpZCI6NjYwMTk3LCJ1cmwiOiJodHRwczpcL1wvdGVzdC5jb21mZW5hbGNvdmFsbGUuY29tLmNvXC93cC1jb250ZW50XC91cGxvYWRzXC8yMDI1XC8wNVwvcmVjb25vY2ltaWVudG8tZW1wcmVzYXMtZW1wbGVvLW1heW8tMjAyNS0wMy5qcGciLCJzbGlkZXNob3ciOiI1YjRkMjYwIn0%3D\" href=\"https:\/\/test.comfenalcovalle.com.co\/wp-content\/uploads\/2025\/05\/reconocimiento-empresas-empleo-mayo-2025-03.jpg\"><figure class=\"swiper-slide-inner\"><img decoding=\"async\" class=\"swiper-slide-image lazyload\" data-src=\"https:\/\/test.comfenalcovalle.com.co\/wp-content\/uploads\/elementor\/thumbs\/reconocimiento-empresas-empleo-mayo-2025-03-rmcnjfi2bwyknnrb5oyq48yf5dmw8rfghiwi8key6g.jpg\" alt=\"reconocimiento-empresas-empleo-mayo-2025-03\" src=\"data:image\/svg+xml;base64,PHN2ZyB3aWR0aD0iMSIgaGVpZ2h0PSIxIiB4bWxucz0iaHR0cDovL3d3dy53My5vcmcvMjAwMC9zdmciPjwvc3ZnPg==\" \/><\/figure><\/a><\/div><div class=\"swiper-slide\" role=\"group\" aria-roledescription=\"slide\" aria-label=\"5 of 19\"><a data-elementor-open-lightbox=\"yes\" data-elementor-lightbox-slideshow=\"5b4d260\" data-elementor-lightbox-title=\"reconocimiento-empresas-empleo-mayo-2025-16\" data-e-action-hash=\"#elementor-action%3Aaction%3Dlightbox%26settings%3DeyJpZCI6NjYwMjEwLCJ1cmwiOiJodHRwczpcL1wvdGVzdC5jb21mZW5hbGNvdmFsbGUuY29tLmNvXC93cC1jb250ZW50XC91cGxvYWRzXC8yMDI1XC8wNVwvcmVjb25vY2ltaWVudG8tZW1wcmVzYXMtZW1wbGVvLW1heW8tMjAyNS0xNi5qcGciLCJzbGlkZXNob3ciOiI1YjRkMjYwIn0%3D\" href=\"https:\/\/test.comfenalcovalle.com.co\/wp-content\/uploads\/2025\/05\/reconocimiento-empresas-empleo-mayo-2025-16.jpg\"><figure class=\"swiper-slide-inner\"><img decoding=\"async\" class=\"swiper-slide-image lazyload\" data-src=\"https:\/\/test.comfenalcovalle.com.co\/wp-content\/uploads\/elementor\/thumbs\/reconocimiento-empresas-empleo-mayo-2025-16-rmcnjfi2bwyknnrb5oyq48yf5dmw8rfghiwi8key6g.jpg\" alt=\"reconocimiento-empresas-empleo-mayo-2025-16\" src=\"data:image\/svg+xml;base64,PHN2ZyB3aWR0aD0iMSIgaGVpZ2h0PSIxIiB4bWxucz0iaHR0cDovL3d3dy53My5vcmcvMjAwMC9zdmciPjwvc3ZnPg==\" \/><\/figure><\/a><\/div><div class=\"swiper-slide\" role=\"group\" aria-roledescription=\"slide\" aria-label=\"6 of 19\"><a data-elementor-open-lightbox=\"yes\" data-elementor-lightbox-slideshow=\"5b4d260\" data-elementor-lightbox-title=\"reconocimiento-empresas-empleo-mayo-2025-08\" data-e-action-hash=\"#elementor-action%3Aaction%3Dlightbox%26settings%3DeyJpZCI6NjYwMjE3LCJ1cmwiOiJodHRwczpcL1wvdGVzdC5jb21mZW5hbGNvdmFsbGUuY29tLmNvXC93cC1jb250ZW50XC91cGxvYWRzXC8yMDI1XC8wNVwvcmVjb25vY2ltaWVudG8tZW1wcmVzYXMtZW1wbGVvLW1heW8tMjAyNS0wOC5qcGciLCJzbGlkZXNob3ciOiI1YjRkMjYwIn0%3D\" href=\"https:\/\/test.comfenalcovalle.com.co\/wp-content\/uploads\/2025\/05\/reconocimiento-empresas-empleo-mayo-2025-08.jpg\"><figure class=\"swiper-slide-inner\"><img decoding=\"async\" class=\"swiper-slide-image lazyload\" data-src=\"https:\/\/test.comfenalcovalle.com.co\/wp-content\/uploads\/elementor\/thumbs\/reconocimiento-empresas-empleo-mayo-2025-08-rmcnjgfwiqzuz9py07dcoqpvqri9ggj6tnjzpudk08.jpg\" alt=\"reconocimiento-empresas-empleo-mayo-2025-08\" src=\"data:image\/svg+xml;base64,PHN2ZyB3aWR0aD0iMSIgaGVpZ2h0PSIxIiB4bWxucz0iaHR0cDovL3d3dy53My5vcmcvMjAwMC9zdmciPjwvc3ZnPg==\" \/><\/figure><\/a><\/div><div class=\"swiper-slide\" role=\"group\" aria-roledescription=\"slide\" aria-label=\"7 of 19\"><a data-elementor-open-lightbox=\"yes\" data-elementor-lightbox-slideshow=\"5b4d260\" data-elementor-lightbox-title=\"reconocimiento-empresas-empleo-mayo-2025-07\" data-e-action-hash=\"#elementor-action%3Aaction%3Dlightbox%26settings%3DeyJpZCI6NjYwMjE2LCJ1cmwiOiJodHRwczpcL1wvdGVzdC5jb21mZW5hbGNvdmFsbGUuY29tLmNvXC93cC1jb250ZW50XC91cGxvYWRzXC8yMDI1XC8wNVwvcmVjb25vY2ltaWVudG8tZW1wcmVzYXMtZW1wbGVvLW1heW8tMjAyNS0wNy5qcGciLCJzbGlkZXNob3ciOiI1YjRkMjYwIn0%3D\" href=\"https:\/\/test.comfenalcovalle.com.co\/wp-content\/uploads\/2025\/05\/reconocimiento-empresas-empleo-mayo-2025-07.jpg\"><figure class=\"swiper-slide-inner\"><img decoding=\"async\" class=\"swiper-slide-image lazyload\" data-src=\"https:\/\/test.comfenalcovalle.com.co\/wp-content\/uploads\/elementor\/thumbs\/reconocimiento-empresas-empleo-mayo-2025-07-rmcnjgfwiqzuz9py07dcoqpvqri9ggj6tnjzpudk08.jpg\" alt=\"reconocimiento-empresas-empleo-mayo-2025-07\" src=\"data:image\/svg+xml;base64,PHN2ZyB3aWR0aD0iMSIgaGVpZ2h0PSIxIiB4bWxucz0iaHR0cDovL3d3dy53My5vcmcvMjAwMC9zdmciPjwvc3ZnPg==\" \/><\/figure><\/a><\/div><div class=\"swiper-slide\" role=\"group\" aria-roledescription=\"slide\" aria-label=\"8 of 19\"><a data-elementor-open-lightbox=\"yes\" data-elementor-lightbox-slideshow=\"5b4d260\" data-elementor-lightbox-title=\"reconocimiento-empresas-empleo-mayo-2025-15\" data-e-action-hash=\"#elementor-action%3Aaction%3Dlightbox%26settings%3DeyJpZCI6NjYwMjA5LCJ1cmwiOiJodHRwczpcL1wvdGVzdC5jb21mZW5hbGNvdmFsbGUuY29tLmNvXC93cC1jb250ZW50XC91cGxvYWRzXC8yMDI1XC8wNVwvcmVjb25vY2ltaWVudG8tZW1wcmVzYXMtZW1wbGVvLW1heW8tMjAyNS0xNS5qcGciLCJzbGlkZXNob3ciOiI1YjRkMjYwIn0%3D\" href=\"https:\/\/test.comfenalcovalle.com.co\/wp-content\/uploads\/2025\/05\/reconocimiento-empresas-empleo-mayo-2025-15.jpg\"><figure class=\"swiper-slide-inner\"><img decoding=\"async\" class=\"swiper-slide-image lazyload\" data-src=\"https:\/\/test.comfenalcovalle.com.co\/wp-content\/uploads\/elementor\/thumbs\/reconocimiento-empresas-empleo-mayo-2025-15-rmcnjfi2bwyknnrb5oyq48yf5dmw8rfghiwi8key6g.jpg\" alt=\"reconocimiento-empresas-empleo-mayo-2025-15\" src=\"data:image\/svg+xml;base64,PHN2ZyB3aWR0aD0iMSIgaGVpZ2h0PSIxIiB4bWxucz0iaHR0cDovL3d3dy53My5vcmcvMjAwMC9zdmciPjwvc3ZnPg==\" \/><\/figure><\/a><\/div><div class=\"swiper-slide\" role=\"group\" aria-roledescription=\"slide\" aria-label=\"9 of 19\"><a data-elementor-open-lightbox=\"yes\" data-elementor-lightbox-slideshow=\"5b4d260\" data-elementor-lightbox-title=\"reconocimiento-empresas-empleo-mayo-2025-02\" data-e-action-hash=\"#elementor-action%3Aaction%3Dlightbox%26settings%3DeyJpZCI6NjYwMTk2LCJ1cmwiOiJodHRwczpcL1wvdGVzdC5jb21mZW5hbGNvdmFsbGUuY29tLmNvXC93cC1jb250ZW50XC91cGxvYWRzXC8yMDI1XC8wNVwvcmVjb25vY2ltaWVudG8tZW1wcmVzYXMtZW1wbGVvLW1heW8tMjAyNS0wMi5qcGciLCJzbGlkZXNob3ciOiI1YjRkMjYwIn0%3D\" href=\"https:\/\/test.comfenalcovalle.com.co\/wp-content\/uploads\/2025\/05\/reconocimiento-empresas-empleo-mayo-2025-02.jpg\"><figure class=\"swiper-slide-inner\"><img decoding=\"async\" class=\"swiper-slide-image lazyload\" data-src=\"https:\/\/test.comfenalcovalle.com.co\/wp-content\/uploads\/elementor\/thumbs\/reconocimiento-empresas-empleo-mayo-2025-02-rmcnjfi2bwyknnrb5oyq48yf5dmw8rfghiwi8key6g.jpg\" alt=\"reconocimiento-empresas-empleo-mayo-2025-02\" src=\"data:image\/svg+xml;base64,PHN2ZyB3aWR0aD0iMSIgaGVpZ2h0PSIxIiB4bWxucz0iaHR0cDovL3d3dy53My5vcmcvMjAwMC9zdmciPjwvc3ZnPg==\" \/><\/figure><\/a><\/div><div class=\"swiper-slide\" role=\"group\" aria-roledescription=\"slide\" aria-label=\"10 of 19\"><a data-elementor-open-lightbox=\"yes\" data-elementor-lightbox-slideshow=\"5b4d260\" data-elementor-lightbox-title=\"reconocimiento-empresas-empleo-mayo-2025-01\" data-e-action-hash=\"#elementor-action%3Aaction%3Dlightbox%26settings%3DeyJpZCI6NjYwMTk1LCJ1cmwiOiJodHRwczpcL1wvdGVzdC5jb21mZW5hbGNvdmFsbGUuY29tLmNvXC93cC1jb250ZW50XC91cGxvYWRzXC8yMDI1XC8wNVwvcmVjb25vY2ltaWVudG8tZW1wcmVzYXMtZW1wbGVvLW1heW8tMjAyNS0wMS5qcGciLCJzbGlkZXNob3ciOiI1YjRkMjYwIn0%3D\" href=\"https:\/\/test.comfenalcovalle.com.co\/wp-content\/uploads\/2025\/05\/reconocimiento-empresas-empleo-mayo-2025-01.jpg\"><figure class=\"swiper-slide-inner\"><img decoding=\"async\" class=\"swiper-slide-image lazyload\" data-src=\"https:\/\/test.comfenalcovalle.com.co\/wp-content\/uploads\/elementor\/thumbs\/reconocimiento-empresas-empleo-mayo-2025-01-rmcnjfi2bwyknnrb5oyq48yf5dmw8rfghiwi8key6g.jpg\" alt=\"reconocimiento-empresas-empleo-mayo-2025-01\" src=\"data:image\/svg+xml;base64,PHN2ZyB3aWR0aD0iMSIgaGVpZ2h0PSIxIiB4bWxucz0iaHR0cDovL3d3dy53My5vcmcvMjAwMC9zdmciPjwvc3ZnPg==\" \/><\/figure><\/a><\/div><div class=\"swiper-slide\" role=\"group\" aria-roledescription=\"slide\" aria-label=\"11 of 19\"><a data-elementor-open-lightbox=\"yes\" data-elementor-lightbox-slideshow=\"5b4d260\" data-elementor-lightbox-title=\"reconocimiento-empresas-empleo-mayo-2025-14\" data-e-action-hash=\"#elementor-action%3Aaction%3Dlightbox%26settings%3DeyJpZCI6NjYwMjA4LCJ1cmwiOiJodHRwczpcL1wvdGVzdC5jb21mZW5hbGNvdmFsbGUuY29tLmNvXC93cC1jb250ZW50XC91cGxvYWRzXC8yMDI1XC8wNVwvcmVjb25vY2ltaWVudG8tZW1wcmVzYXMtZW1wbGVvLW1heW8tMjAyNS0xNC5qcGciLCJzbGlkZXNob3ciOiI1YjRkMjYwIn0%3D\" href=\"https:\/\/test.comfenalcovalle.com.co\/wp-content\/uploads\/2025\/05\/reconocimiento-empresas-empleo-mayo-2025-14.jpg\"><figure class=\"swiper-slide-inner\"><img decoding=\"async\" class=\"swiper-slide-image lazyload\" data-src=\"https:\/\/test.comfenalcovalle.com.co\/wp-content\/uploads\/elementor\/thumbs\/reconocimiento-empresas-empleo-mayo-2025-14-rmcnjfi2bwyknnrb5oyq48yf5dmw8rfghiwi8key6g.jpg\" alt=\"reconocimiento-empresas-empleo-mayo-2025-14\" src=\"data:image\/svg+xml;base64,PHN2ZyB3aWR0aD0iMSIgaGVpZ2h0PSIxIiB4bWxucz0iaHR0cDovL3d3dy53My5vcmcvMjAwMC9zdmciPjwvc3ZnPg==\" \/><\/figure><\/a><\/div><div class=\"swiper-slide\" role=\"group\" aria-roledescription=\"slide\" aria-label=\"12 of 19\"><a data-elementor-open-lightbox=\"yes\" data-elementor-lightbox-slideshow=\"5b4d260\" data-elementor-lightbox-title=\"reconocimiento-empresas-empleo-mayo-2025-06\" data-e-action-hash=\"#elementor-action%3Aaction%3Dlightbox%26settings%3DeyJpZCI6NjYwMjE1LCJ1cmwiOiJodHRwczpcL1wvdGVzdC5jb21mZW5hbGNvdmFsbGUuY29tLmNvXC93cC1jb250ZW50XC91cGxvYWRzXC8yMDI1XC8wNVwvcmVjb25vY2ltaWVudG8tZW1wcmVzYXMtZW1wbGVvLW1heW8tMjAyNS0wNi5qcGciLCJzbGlkZXNob3ciOiI1YjRkMjYwIn0%3D\" href=\"https:\/\/test.comfenalcovalle.com.co\/wp-content\/uploads\/2025\/05\/reconocimiento-empresas-empleo-mayo-2025-06.jpg\"><figure class=\"swiper-slide-inner\"><img decoding=\"async\" class=\"swiper-slide-image lazyload\" data-src=\"https:\/\/test.comfenalcovalle.com.co\/wp-content\/uploads\/elementor\/thumbs\/reconocimiento-empresas-empleo-mayo-2025-06-rmcnjfi2bwyknnrb5oyq48yf5dmw8rfghiwi8key6g.jpg\" alt=\"reconocimiento-empresas-empleo-mayo-2025-06\" src=\"data:image\/svg+xml;base64,PHN2ZyB3aWR0aD0iMSIgaGVpZ2h0PSIxIiB4bWxucz0iaHR0cDovL3d3dy53My5vcmcvMjAwMC9zdmciPjwvc3ZnPg==\" \/><\/figure><\/a><\/div><div class=\"swiper-slide\" role=\"group\" aria-roledescription=\"slide\" aria-label=\"13 of 19\"><a data-elementor-open-lightbox=\"yes\" data-elementor-lightbox-slideshow=\"5b4d260\" data-elementor-lightbox-title=\"reconocimiento-empresas-empleo-mayo-2025-05\" data-e-action-hash=\"#elementor-action%3Aaction%3Dlightbox%26settings%3DeyJpZCI6NjYwMjE0LCJ1cmwiOiJodHRwczpcL1wvdGVzdC5jb21mZW5hbGNvdmFsbGUuY29tLmNvXC93cC1jb250ZW50XC91cGxvYWRzXC8yMDI1XC8wNVwvcmVjb25vY2ltaWVudG8tZW1wcmVzYXMtZW1wbGVvLW1heW8tMjAyNS0wNS5qcGciLCJzbGlkZXNob3ciOiI1YjRkMjYwIn0%3D\" href=\"https:\/\/test.comfenalcovalle.com.co\/wp-content\/uploads\/2025\/05\/reconocimiento-empresas-empleo-mayo-2025-05.jpg\"><figure class=\"swiper-slide-inner\"><img decoding=\"async\" class=\"swiper-slide-image lazyload\" data-src=\"https:\/\/test.comfenalcovalle.com.co\/wp-content\/uploads\/elementor\/thumbs\/reconocimiento-empresas-empleo-mayo-2025-05-rmcnjfi2bwyknnrb5oyq48yf5dmw8rfghiwi8key6g.jpg\" alt=\"reconocimiento-empresas-empleo-mayo-2025-05\" src=\"data:image\/svg+xml;base64,PHN2ZyB3aWR0aD0iMSIgaGVpZ2h0PSIxIiB4bWxucz0iaHR0cDovL3d3dy53My5vcmcvMjAwMC9zdmciPjwvc3ZnPg==\" \/><\/figure><\/a><\/div><div class=\"swiper-slide\" role=\"group\" aria-roledescription=\"slide\" aria-label=\"14 of 19\"><a data-elementor-open-lightbox=\"yes\" data-elementor-lightbox-slideshow=\"5b4d260\" data-elementor-lightbox-title=\"reconocimiento-empresas-empleo-mayo-2025-13\" data-e-action-hash=\"#elementor-action%3Aaction%3Dlightbox%26settings%3DeyJpZCI6NjYwMjA3LCJ1cmwiOiJodHRwczpcL1wvdGVzdC5jb21mZW5hbGNvdmFsbGUuY29tLmNvXC93cC1jb250ZW50XC91cGxvYWRzXC8yMDI1XC8wNVwvcmVjb25vY2ltaWVudG8tZW1wcmVzYXMtZW1wbGVvLW1heW8tMjAyNS0xMy5qcGciLCJzbGlkZXNob3ciOiI1YjRkMjYwIn0%3D\" href=\"https:\/\/test.comfenalcovalle.com.co\/wp-content\/uploads\/2025\/05\/reconocimiento-empresas-empleo-mayo-2025-13.jpg\"><figure class=\"swiper-slide-inner\"><img decoding=\"async\" class=\"swiper-slide-image lazyload\" data-src=\"https:\/\/test.comfenalcovalle.com.co\/wp-content\/uploads\/elementor\/thumbs\/reconocimiento-empresas-empleo-mayo-2025-13-rmcnjfi2bwyknnrb5oyq48yf5dmw8rfghiwi8key6g.jpg\" alt=\"reconocimiento-empresas-empleo-mayo-2025-13\" src=\"data:image\/svg+xml;base64,PHN2ZyB3aWR0aD0iMSIgaGVpZ2h0PSIxIiB4bWxucz0iaHR0cDovL3d3dy53My5vcmcvMjAwMC9zdmciPjwvc3ZnPg==\" \/><\/figure><\/a><\/div><div class=\"swiper-slide\" role=\"group\" aria-roledescription=\"slide\" aria-label=\"15 of 19\"><a data-elementor-open-lightbox=\"yes\" data-elementor-lightbox-slideshow=\"5b4d260\" data-elementor-lightbox-title=\"reconocimiento-empresas-empleo-mayo-2025-00\" data-e-action-hash=\"#elementor-action%3Aaction%3Dlightbox%26settings%3DeyJpZCI6NjYwMTk0LCJ1cmwiOiJodHRwczpcL1wvdGVzdC5jb21mZW5hbGNvdmFsbGUuY29tLmNvXC93cC1jb250ZW50XC91cGxvYWRzXC8yMDI1XC8wNVwvcmVjb25vY2ltaWVudG8tZW1wcmVzYXMtZW1wbGVvLW1heW8tMjAyNS0wMC5qcGciLCJzbGlkZXNob3ciOiI1YjRkMjYwIn0%3D\" href=\"https:\/\/test.comfenalcovalle.com.co\/wp-content\/uploads\/2025\/05\/reconocimiento-empresas-empleo-mayo-2025-00.jpg\"><figure class=\"swiper-slide-inner\"><img decoding=\"async\" class=\"swiper-slide-image lazyload\" data-src=\"https:\/\/test.comfenalcovalle.com.co\/wp-content\/uploads\/elementor\/thumbs\/reconocimiento-empresas-empleo-mayo-2025-00-rmcnjfi2bwyknnrb5oyq48yf5dmw8rfghiwi8key6g.jpg\" alt=\"empresas reconocidas 2024 agencia empleo\" src=\"data:image\/svg+xml;base64,PHN2ZyB3aWR0aD0iMSIgaGVpZ2h0PSIxIiB4bWxucz0iaHR0cDovL3d3dy53My5vcmcvMjAwMC9zdmciPjwvc3ZnPg==\" \/><\/figure><\/a><\/div><div class=\"swiper-slide\" role=\"group\" aria-roledescription=\"slide\" aria-label=\"16 of 19\"><a data-elementor-open-lightbox=\"yes\" data-elementor-lightbox-slideshow=\"5b4d260\" data-elementor-lightbox-title=\"reconocimiento-empresas-empleo-mayo-2025-12\" data-e-action-hash=\"#elementor-action%3Aaction%3Dlightbox%26settings%3DeyJpZCI6NjYwMjA2LCJ1cmwiOiJodHRwczpcL1wvdGVzdC5jb21mZW5hbGNvdmFsbGUuY29tLmNvXC93cC1jb250ZW50XC91cGxvYWRzXC8yMDI1XC8wNVwvcmVjb25vY2ltaWVudG8tZW1wcmVzYXMtZW1wbGVvLW1heW8tMjAyNS0xMi5qcGciLCJzbGlkZXNob3ciOiI1YjRkMjYwIn0%3D\" href=\"https:\/\/test.comfenalcovalle.com.co\/wp-content\/uploads\/2025\/05\/reconocimiento-empresas-empleo-mayo-2025-12.jpg\"><figure class=\"swiper-slide-inner\"><img decoding=\"async\" class=\"swiper-slide-image lazyload\" data-src=\"https:\/\/test.comfenalcovalle.com.co\/wp-content\/uploads\/elementor\/thumbs\/reconocimiento-empresas-empleo-mayo-2025-12-rmcnjfi2bwyknnrb5oyq48yf5dmw8rfghiwi8key6g.jpg\" alt=\"reconocimiento-empresas-empleo-mayo-2025-12\" src=\"data:image\/svg+xml;base64,PHN2ZyB3aWR0aD0iMSIgaGVpZ2h0PSIxIiB4bWxucz0iaHR0cDovL3d3dy53My5vcmcvMjAwMC9zdmciPjwvc3ZnPg==\" \/><\/figure><\/a><\/div><div class=\"swiper-slide\" role=\"group\" aria-roledescription=\"slide\" aria-label=\"17 of 19\"><a data-elementor-open-lightbox=\"yes\" data-elementor-lightbox-slideshow=\"5b4d260\" data-elementor-lightbox-title=\"reconocimiento-empresas-empleo-mayo-2025-11\" data-e-action-hash=\"#elementor-action%3Aaction%3Dlightbox%26settings%3DeyJpZCI6NjYwMjA1LCJ1cmwiOiJodHRwczpcL1wvdGVzdC5jb21mZW5hbGNvdmFsbGUuY29tLmNvXC93cC1jb250ZW50XC91cGxvYWRzXC8yMDI1XC8wNVwvcmVjb25vY2ltaWVudG8tZW1wcmVzYXMtZW1wbGVvLW1heW8tMjAyNS0xMS5qcGciLCJzbGlkZXNob3ciOiI1YjRkMjYwIn0%3D\" href=\"https:\/\/test.comfenalcovalle.com.co\/wp-content\/uploads\/2025\/05\/reconocimiento-empresas-empleo-mayo-2025-11.jpg\"><figure class=\"swiper-slide-inner\"><img decoding=\"async\" class=\"swiper-slide-image lazyload\" data-src=\"https:\/\/test.comfenalcovalle.com.co\/wp-content\/uploads\/elementor\/thumbs\/reconocimiento-empresas-empleo-mayo-2025-11-rmcnjfi2bwyknnrb5oyq48yf5dmw8rfghiwi8key6g.jpg\" alt=\"reconocimiento-empresas-empleo-mayo-2025-11\" src=\"data:image\/svg+xml;base64,PHN2ZyB3aWR0aD0iMSIgaGVpZ2h0PSIxIiB4bWxucz0iaHR0cDovL3d3dy53My5vcmcvMjAwMC9zdmciPjwvc3ZnPg==\" \/><\/figure><\/a><\/div><div class=\"swiper-slide\" role=\"group\" aria-roledescription=\"slide\" aria-label=\"18 of 19\"><a data-elementor-open-lightbox=\"yes\" data-elementor-lightbox-slideshow=\"5b4d260\" data-elementor-lightbox-title=\"reconocimiento-empresas-empleo-mayo-2025-18\" data-e-action-hash=\"#elementor-action%3Aaction%3Dlightbox%26settings%3DeyJpZCI6NjYwMjEyLCJ1cmwiOiJodHRwczpcL1wvdGVzdC5jb21mZW5hbGNvdmFsbGUuY29tLmNvXC93cC1jb250ZW50XC91cGxvYWRzXC8yMDI1XC8wNVwvcmVjb25vY2ltaWVudG8tZW1wcmVzYXMtZW1wbGVvLW1heW8tMjAyNS0xOC5qcGciLCJzbGlkZXNob3ciOiI1YjRkMjYwIn0%3D\" href=\"https:\/\/test.comfenalcovalle.com.co\/wp-content\/uploads\/2025\/05\/reconocimiento-empresas-empleo-mayo-2025-18.jpg\"><figure class=\"swiper-slide-inner\"><img decoding=\"async\" class=\"swiper-slide-image lazyload\" data-src=\"https:\/\/test.comfenalcovalle.com.co\/wp-content\/uploads\/elementor\/thumbs\/reconocimiento-empresas-empleo-mayo-2025-18-rmcnjfi2bwyknnrb5oyq48yf5dmw8rfghiwi8key6g.jpg\" alt=\"reconocimiento-empresas-empleo-mayo-2025-18\" src=\"data:image\/svg+xml;base64,PHN2ZyB3aWR0aD0iMSIgaGVpZ2h0PSIxIiB4bWxucz0iaHR0cDovL3d3dy53My5vcmcvMjAwMC9zdmciPjwvc3ZnPg==\" \/><\/figure><\/a><\/div><div class=\"swiper-slide\" role=\"group\" aria-roledescription=\"slide\" aria-label=\"19 of 19\"><a data-elementor-open-lightbox=\"yes\" data-elementor-lightbox-slideshow=\"5b4d260\" data-elementor-lightbox-title=\"reconocimiento-empresas-empleo-mayo-2025-04\" data-e-action-hash=\"#elementor-action%3Aaction%3Dlightbox%26settings%3DeyJpZCI6NjYwMjEzLCJ1cmwiOiJodHRwczpcL1wvdGVzdC5jb21mZW5hbGNvdmFsbGUuY29tLmNvXC93cC1jb250ZW50XC91cGxvYWRzXC8yMDI1XC8wNVwvcmVjb25vY2ltaWVudG8tZW1wcmVzYXMtZW1wbGVvLW1heW8tMjAyNS0wNC5qcGciLCJzbGlkZXNob3ciOiI1YjRkMjYwIn0%3D\" href=\"https:\/\/test.comfenalcovalle.com.co\/wp-content\/uploads\/2025\/05\/reconocimiento-empresas-empleo-mayo-2025-04.jpg\"><figure class=\"swiper-slide-inner\"><img decoding=\"async\" class=\"swiper-slide-image lazyload\" data-src=\"https:\/\/test.comfenalcovalle.com.co\/wp-content\/uploads\/elementor\/thumbs\/reconocimiento-empresas-empleo-mayo-2025-04-rmcnjfi2bwyknnrb5oyq48yf5dmw8rfghiwi8key6g.jpg\" alt=\"reconocimiento-empresas-empleo-mayo-2025-04\" src=\"data:image\/svg+xml;base64,PHN2ZyB3aWR0aD0iMSIgaGVpZ2h0PSIxIiB4bWxucz0iaHR0cDovL3d3dy53My5vcmcvMjAwMC9zdmciPjwvc3ZnPg==\" \/><\/figure><\/a><\/div>\t\t\t<\/div>\n\t\t\t\t\t\t\t\t\t\t\t\t<div class=\"elementor-swiper-button elementor-swiper-button-prev\" role=\"button\" tabindex=\"0\">\n\t\t\t\t\t\t<i aria-hidden=\"true\" class=\"eicon-chevron-left\"><\/i>\t\t\t\t\t<\/div>\n\t\t\t\t\t<div class=\"elementor-swiper-button elementor-swiper-button-next\" role=\"button\" tabindex=\"0\">\n\t\t\t\t\t\t<i aria-hidden=\"true\" class=\"eicon-chevron-right\"><\/i>\t\t\t\t\t<\/div>\n\t\t\t\t\n\t\t\t\t\t\t\t\t\t<div class=\"swiper-pagination\"><\/div>\n\t\t\t\t\t\t\t\t\t<\/div>\n\t\t\t\t\t\t<\/div>\n\t\t\t\t<\/div>\n\t\t\t\t\t<\/div>\n\t\t\t\t<\/div>\n\t\t\t\t<\/div>","protected":false},"excerpt":{"rendered":"<p>Comfenalco Valle Delagente reconoci\u00f3 a 44 empresas por su aporte a la empleabilidad e inclusi\u00f3n laboral en Cali y el Valle del Cauca durante.<\/p>","protected":false},"author":6,"featured_media":660194,"parent":0,"menu_order":0,"comment_status":"closed","ping_status":"closed","template":"","meta":{"footnotes":""},"class_list":["post-660200","noticias-empresas","type-noticias-empresas","status-publish","has-post-thumbnail","hentry"],"yoast_head":"<!-- This site is optimized with the Yoast SEO Premium plugin v25.9 (Yoast SEO v25.9) - https:\/\/yoast.com\/wordpress\/plugins\/seo\/ -->\n<title>Empresas cale\u00f1as reconocidas por generar empleo en 2024<\/title>\n<meta name=\"description\" content=\"Comfenalco Valle Delagente reconoci\u00f3 a 44 empresas por su aporte a la empleabilidad e inclusi\u00f3n laboral en Cali y el Valle del Cauca durante.\" \/>\n<meta name=\"robots\" content=\"index, follow, max-snippet:-1, max-image-preview:large, max-video-preview:-1\" \/>\n<link rel=\"canonical\" href=\"https:\/\/www.comfenalcovalle.com.co\/noticias-empresas\/empresas-calenas-reconocidas-por-generar-empleo-en-2024\/\" \/>\n<meta property=\"og:locale\" content=\"en_US\" \/>\n<meta property=\"og:type\" content=\"article\" \/>\n<meta property=\"og:title\" content=\"Empresas cale\u00f1as reconocidas por generar empleo en 2024\" \/>\n<meta property=\"og:description\" content=\"Comfenalco Valle Delagente reconoci\u00f3 a 44 empresas por su aporte a la empleabilidad e inclusi\u00f3n laboral en Cali y el Valle del Cauca durante.\" \/>\n<meta property=\"og:url\" content=\"https:\/\/www.comfenalcovalle.com.co\/noticias-empresas\/empresas-calenas-reconocidas-por-generar-empleo-en-2024\/\" \/>\n<meta property=\"og:site_name\" content=\"Comfenalco Valle Delagente\" \/>\n<meta property=\"article:modified_time\" content=\"2025-05-27T13:30:14+00:00\" \/>\n<meta property=\"og:image\" content=\"https:\/\/www.comfenalcovalle.com.co\/wp-content\/uploads\/2025\/05\/reconocimiento-empresas-empleo-mayo-2025-00.jpg\" \/>\n\t<meta property=\"og:image:width\" content=\"905\" \/>\n\t<meta property=\"og:image:height\" content=\"631\" \/>\n\t<meta property=\"og:image:type\" content=\"image\/jpeg\" \/>\n<meta name=\"twitter:card\" content=\"summary_large_image\" \/>\n<meta name=\"twitter:label1\" content=\"Est. reading time\" \/>\n\t<meta name=\"twitter:data1\" content=\"9 minutes\" \/>\n<script type=\"application\/ld+json\" class=\"yoast-schema-graph\">{\"@context\":\"https:\/\/schema.org\",\"@graph\":[{\"@type\":\"WebPage\",\"@id\":\"https:\/\/www.comfenalcovalle.com.co\/noticias-empresas\/empresas-calenas-reconocidas-por-generar-empleo-en-2024\/\",\"url\":\"https:\/\/www.comfenalcovalle.com.co\/noticias-empresas\/empresas-calenas-reconocidas-por-generar-empleo-en-2024\/\",\"name\":\"Empresas cale\u00f1as reconocidas por generar empleo en 2024\",\"isPartOf\":{\"@id\":\"https:\/\/www.comfenalcovalle.com.co\/#website\"},\"primaryImageOfPage\":{\"@id\":\"https:\/\/www.comfenalcovalle.com.co\/noticias-empresas\/empresas-calenas-reconocidas-por-generar-empleo-en-2024\/#primaryimage\"},\"image\":{\"@id\":\"https:\/\/www.comfenalcovalle.com.co\/noticias-empresas\/empresas-calenas-reconocidas-por-generar-empleo-en-2024\/#primaryimage\"},\"thumbnailUrl\":\"https:\/\/test.comfenalcovalle.com.co\/wp-content\/uploads\/2025\/05\/reconocimiento-empresas-empleo-mayo-2025-00.jpg\",\"datePublished\":\"2025-05-26T20:40:16+00:00\",\"dateModified\":\"2025-05-27T13:30:14+00:00\",\"description\":\"Comfenalco Valle Delagente reconoci\u00f3 a 44 empresas por su aporte a la empleabilidad e inclusi\u00f3n laboral en Cali y el Valle del Cauca durante.\",\"breadcrumb\":{\"@id\":\"https:\/\/www.comfenalcovalle.com.co\/noticias-empresas\/empresas-calenas-reconocidas-por-generar-empleo-en-2024\/#breadcrumb\"},\"inLanguage\":\"en-US\",\"potentialAction\":[{\"@type\":\"ReadAction\",\"target\":[\"https:\/\/www.comfenalcovalle.com.co\/noticias-empresas\/empresas-calenas-reconocidas-por-generar-empleo-en-2024\/\"]}]},{\"@type\":\"ImageObject\",\"inLanguage\":\"en-US\",\"@id\":\"https:\/\/www.comfenalcovalle.com.co\/noticias-empresas\/empresas-calenas-reconocidas-por-generar-empleo-en-2024\/#primaryimage\",\"url\":\"https:\/\/test.comfenalcovalle.com.co\/wp-content\/uploads\/2025\/05\/reconocimiento-empresas-empleo-mayo-2025-00.jpg\",\"contentUrl\":\"https:\/\/test.comfenalcovalle.com.co\/wp-content\/uploads\/2025\/05\/reconocimiento-empresas-empleo-mayo-2025-00.jpg\",\"width\":905,\"height\":631,\"caption\":\"empresas reconocidas 2024 agencia empleo\"},{\"@type\":\"BreadcrumbList\",\"@id\":\"https:\/\/www.comfenalcovalle.com.co\/noticias-empresas\/empresas-calenas-reconocidas-por-generar-empleo-en-2024\/#breadcrumb\",\"itemListElement\":[{\"@type\":\"ListItem\",\"position\":1,\"name\":\"Portada\",\"item\":\"https:\/\/www.comfenalcovalle.com.co\/\"},{\"@type\":\"ListItem\",\"position\":2,\"name\":\"Noticias Empresas\",\"item\":\"https:\/\/www.comfenalcovalle.com.co\/noticias-empresas\/\"},{\"@type\":\"ListItem\",\"position\":3,\"name\":\"Empresas cale\u00f1as reconocidas por generar empleo en 2024\"}]},{\"@type\":\"WebSite\",\"@id\":\"https:\/\/www.comfenalcovalle.com.co\/#website\",\"url\":\"https:\/\/www.comfenalcovalle.com.co\/\",\"name\":\"Comfenalco Valle Delagente\",\"description\":\"Caja de compensaci\u00f3n de Comfenalco Valle Delagente.\",\"publisher\":{\"@id\":\"https:\/\/www.comfenalcovalle.com.co\/#organization\"},\"potentialAction\":[{\"@type\":\"SearchAction\",\"target\":{\"@type\":\"EntryPoint\",\"urlTemplate\":\"https:\/\/www.comfenalcovalle.com.co\/?s={search_term_string}\"},\"query-input\":{\"@type\":\"PropertyValueSpecification\",\"valueRequired\":true,\"valueName\":\"search_term_string\"}}],\"inLanguage\":\"en-US\"},{\"@type\":\"Organization\",\"@id\":\"https:\/\/www.comfenalcovalle.com.co\/#organization\",\"name\":\"Comfenalco Valle Delagente\",\"url\":\"https:\/\/www.comfenalcovalle.com.co\/\",\"logo\":{\"@type\":\"ImageObject\",\"inLanguage\":\"en-US\",\"@id\":\"https:\/\/www.comfenalcovalle.com.co\/#\/schema\/logo\/image\/\",\"url\":\"https:\/\/test.comfenalcovalle.com.co\/wp-content\/uploads\/2021\/06\/logo-comfe-cabecera-agencia-empelo-actualizado.png\",\"contentUrl\":\"https:\/\/test.comfenalcovalle.com.co\/wp-content\/uploads\/2021\/06\/logo-comfe-cabecera-agencia-empelo-actualizado.png\",\"width\":500,\"height\":184,\"caption\":\"Comfenalco Valle Delagente\"},\"image\":{\"@id\":\"https:\/\/www.comfenalcovalle.com.co\/#\/schema\/logo\/image\/\"}}]}<\/script>\n<!-- \/ Yoast SEO Premium plugin. -->","yoast_head_json":{"title":"Empresas cale\u00f1as reconocidas por generar empleo en 2024","description":"Comfenalco Valle Delagente reconoci\u00f3 a 44 empresas por su aporte a la empleabilidad e inclusi\u00f3n laboral en Cali y el Valle del Cauca durante.","robots":{"index":"index","follow":"follow","max-snippet":"max-snippet:-1","max-image-preview":"max-image-preview:large","max-video-preview":"max-video-preview:-1"},"canonical":"https:\/\/www.comfenalcovalle.com.co\/noticias-empresas\/empresas-calenas-reconocidas-por-generar-empleo-en-2024\/","og_locale":"en_US","og_type":"article","og_title":"Empresas cale\u00f1as reconocidas por generar empleo en 2024","og_description":"Comfenalco Valle Delagente reconoci\u00f3 a 44 empresas por su aporte a la empleabilidad e inclusi\u00f3n laboral en Cali y el Valle del Cauca durante.","og_url":"https:\/\/www.comfenalcovalle.com.co\/noticias-empresas\/empresas-calenas-reconocidas-por-generar-empleo-en-2024\/","og_site_name":"Comfenalco Valle Delagente","article_modified_time":"2025-05-27T13:30:14+00:00","og_image":[{"width":905,"height":631,"url":"https:\/\/www.comfenalcovalle.com.co\/wp-content\/uploads\/2025\/05\/reconocimiento-empresas-empleo-mayo-2025-00.jpg","type":"image\/jpeg"}],"twitter_card":"summary_large_image","twitter_misc":{"Est. reading time":"9 minutes"},"schema":{"@context":"https:\/\/schema.org","@graph":[{"@type":"WebPage","@id":"https:\/\/www.comfenalcovalle.com.co\/noticias-empresas\/empresas-calenas-reconocidas-por-generar-empleo-en-2024\/","url":"https:\/\/www.comfenalcovalle.com.co\/noticias-empresas\/empresas-calenas-reconocidas-por-generar-empleo-en-2024\/","name":"Empresas cale\u00f1as reconocidas por generar empleo en 2024","isPartOf":{"@id":"https:\/\/www.comfenalcovalle.com.co\/#website"},"primaryImageOfPage":{"@id":"https:\/\/www.comfenalcovalle.com.co\/noticias-empresas\/empresas-calenas-reconocidas-por-generar-empleo-en-2024\/#primaryimage"},"image":{"@id":"https:\/\/www.comfenalcovalle.com.co\/noticias-empresas\/empresas-calenas-reconocidas-por-generar-empleo-en-2024\/#primaryimage"},"thumbnailUrl":"https:\/\/test.comfenalcovalle.com.co\/wp-content\/uploads\/2025\/05\/reconocimiento-empresas-empleo-mayo-2025-00.jpg","datePublished":"2025-05-26T20:40:16+00:00","dateModified":"2025-05-27T13:30:14+00:00","description":"Comfenalco Valle Delagente reconoci\u00f3 a 44 empresas por su aporte a la empleabilidad e inclusi\u00f3n laboral en Cali y el Valle del Cauca durante.","breadcrumb":{"@id":"https:\/\/www.comfenalcovalle.com.co\/noticias-empresas\/empresas-calenas-reconocidas-por-generar-empleo-en-2024\/#breadcrumb"},"inLanguage":"en-US","potentialAction":[{"@type":"ReadAction","target":["https:\/\/www.comfenalcovalle.com.co\/noticias-empresas\/empresas-calenas-reconocidas-por-generar-empleo-en-2024\/"]}]},{"@type":"ImageObject","inLanguage":"en-US","@id":"https:\/\/www.comfenalcovalle.com.co\/noticias-empresas\/empresas-calenas-reconocidas-por-generar-empleo-en-2024\/#primaryimage","url":"https:\/\/test.comfenalcovalle.com.co\/wp-content\/uploads\/2025\/05\/reconocimiento-empresas-empleo-mayo-2025-00.jpg","contentUrl":"https:\/\/test.comfenalcovalle.com.co\/wp-content\/uploads\/2025\/05\/reconocimiento-empresas-empleo-mayo-2025-00.jpg","width":905,"height":631,"caption":"empresas reconocidas 2024 agencia empleo"},{"@type":"BreadcrumbList","@id":"https:\/\/www.comfenalcovalle.com.co\/noticias-empresas\/empresas-calenas-reconocidas-por-generar-empleo-en-2024\/#breadcrumb","itemListElement":[{"@type":"ListItem","position":1,"name":"Portada","item":"https:\/\/www.comfenalcovalle.com.co\/"},{"@type":"ListItem","position":2,"name":"Noticias Empresas","item":"https:\/\/www.comfenalcovalle.com.co\/noticias-empresas\/"},{"@type":"ListItem","position":3,"name":"Empresas cale\u00f1as reconocidas por generar empleo en 2024"}]},{"@type":"WebSite","@id":"https:\/\/www.comfenalcovalle.com.co\/#website","url":"https:\/\/www.comfenalcovalle.com.co\/","name":"Comfenalco Valle Delagente","description":"Comfenalco Valle Delagente compensation fund.","publisher":{"@id":"https:\/\/www.comfenalcovalle.com.co\/#organization"},"potentialAction":[{"@type":"SearchAction","target":{"@type":"EntryPoint","urlTemplate":"https:\/\/www.comfenalcovalle.com.co\/?s={search_term_string}"},"query-input":{"@type":"PropertyValueSpecification","valueRequired":true,"valueName":"search_term_string"}}],"inLanguage":"en-US"},{"@type":"Organization","@id":"https:\/\/www.comfenalcovalle.com.co\/#organization","name":"Comfenalco Valle Delagente","url":"https:\/\/www.comfenalcovalle.com.co\/","logo":{"@type":"ImageObject","inLanguage":"en-US","@id":"https:\/\/www.comfenalcovalle.com.co\/#\/schema\/logo\/image\/","url":"https:\/\/test.comfenalcovalle.com.co\/wp-content\/uploads\/2021\/06\/logo-comfe-cabecera-agencia-empelo-actualizado.png","contentUrl":"https:\/\/test.comfenalcovalle.com.co\/wp-content\/uploads\/2021\/06\/logo-comfe-cabecera-agencia-empelo-actualizado.png","width":500,"height":184,"caption":"Comfenalco Valle Delagente"},"image":{"@id":"https:\/\/www.comfenalcovalle.com.co\/#\/schema\/logo\/image\/"}}]}},"publishpress_future_action":{"enabled":false,"date":"2026-05-10 05:38:49","action":"change-status","newStatus":"draft","terms":[],"taxonomy":"","extraData":[]},"publishpress_future_workflow_manual_trigger":{"enabledWorkflows":[]},"_links":{"self":[{"href":"https:\/\/test.comfenalcovalle.com.co\/en\/wp-json\/wp\/v2\/noticias-empresas\/660200","targetHints":{"allow":["GET"]}}],"collection":[{"href":"https:\/\/test.comfenalcovalle.com.co\/en\/wp-json\/wp\/v2\/noticias-empresas"}],"about":[{"href":"https:\/\/test.comfenalcovalle.com.co\/en\/wp-json\/wp\/v2\/types\/noticias-empresas"}],"author":[{"embeddable":true,"href":"https:\/\/test.comfenalcovalle.com.co\/en\/wp-json\/wp\/v2\/users\/6"}],"replies":[{"embeddable":true,"href":"https:\/\/test.comfenalcovalle.com.co\/en\/wp-json\/wp\/v2\/comments?post=660200"}],"version-history":[{"count":0,"href":"https:\/\/test.comfenalcovalle.com.co\/en\/wp-json\/wp\/v2\/noticias-empresas\/660200\/revisions"}],"wp:featuredmedia":[{"embeddable":true,"href":"https:\/\/test.comfenalcovalle.com.co\/en\/wp-json\/wp\/v2\/media\/660194"}],"wp:attachment":[{"href":"https:\/\/test.comfenalcovalle.com.co\/en\/wp-json\/wp\/v2\/media?parent=660200"}],"curies":[{"name":"wp","href":"https:\/\/api.w.org\/{rel}","templated":true}]}}